{"id":55966,"date":"2017-12-10T12:21:34","date_gmt":"2017-12-10T17:21:34","guid":{"rendered":"https:\/\/www.lessence-ciel.com\/previsions-de-lessence-ciel-pour-la-semaine-du-10-decembre-2017\/"},"modified":"2017-12-10T12:24:09","modified_gmt":"2017-12-10T17:24:09","slug":"previsions-de-lessence-ciel-pour-la-semaine-du-10-decembre-2017","status":"publish","type":"post","link":"https:\/\/www.lessence-ciel.com\/en\/previsions-de-lessence-ciel-pour-la-semaine-du-10-decembre-2017\/","title":{"rendered":"Pr\u00e9visions de l\u2019Essence-Ciel pour la semaine du 10 D\u00e9cembre 2017"},"content":{"rendered":"<p style=\"text-align: center\"><em>Je suis l\u2019ange qui vous aide \u00e0 avoir confiance.<br \/>\nEssayez. Laissez-vous aller dans mes bras. D\u00e9tendez-vous.<br \/>\nSentez le plaisir d\u2019avoir la protection du ciel.<br \/>\nAgissez maintenant avec\u2026 <\/em><\/p>\n<p style=\"text-align: center\"><strong><em>Foi et Opiniatret\u00e9<\/em><\/strong><\/p>\n<div>Cette semaine, notre Qu\u00eate d&#8217;incarner notre V\u00e9rit\u00e9 ce poursuit.<\/div>\n<div><\/div>\n<div><strong>L&#8217;Arcane de la Justice (XI)<\/strong> \u00e9met un rayonnement. Elle met en lumi\u00e8re. Elle nous aide \u00e0 \u00e9quilibrer et \u00e0 stabiliser. Elle nous pointe notre valeur, on conna\u00eet la responsabilit\u00e9 de nos actes. Elle nous aide \u00e0 ma\u00eetriser, \u00e0 \u00eatre int\u00e9grer,\u00a0 suivre la voie juste et ne pas tenter de forcer les choses.<\/div>\n<div><\/div>\n<div>Dans quelle facette de ma vie y a-t-il absence de mouvement entre les deux plateaux de ma balance? Ou suis-je trop rigide dans mes comportements? Comment puis-je \u00eatre objectif, ouvert d&#8217;esprit envers mes experiences? Comment puis-je balancer mes passages et rester centre sur mes intentions?<\/div>\n<div><\/div>\n<div><strong>Le Coyote<\/strong> nous pointe clairement un chemin naturel, celui de l&#8217;humour, celui de la transformation, de l&#8217;adaptabilit\u00e9. Il faut prendre le temps de d\u00e9samorcer nos propres episodes &#8216;dramatiques&#8217;, se recentrer, d&#8217;entrer dans la voie de la compassion. Il faut prendre le temps de prendre les choses avec humour. Un \u00e9quilibre entre c\u00f4t\u00e9 sage et c\u00f4t\u00e9 givr\u00e9, vivre la magie du moment pr\u00e9sent.<\/div>\n<div><\/div>\n<div>Comment puis-je briser les illusions qui me maintiennent? Comment puis-je m&#8217;honorer sans \u00eatre impertinent ou aveugl\u00e9?<\/div>\n<div><\/div>\n<div><strong>L&#8217;Ange Foi et Opiniatret\u00e9<\/strong> nous am\u00e8ne dans le Vert de la Manifestation. La Foi c&#8217;est \u00e9tablir cette relation de confiance absolue entre soi et l&#8217;univers. C&#8217;est acqu\u00e9rir une sagesse de la vie. C&#8217;est vivre sans comparaison, sans regret. L&#8217;Opiniatret\u00e9, c&#8217;est vivre avec determination, t\u00e9nacit\u00e9, constance.<\/div>\n<div><\/div>\n<div>Dans quelle sphere dois-je canaliser mon feu sacr\u00e9? Ai-je besoin de me secouer et de passer \u00e0 l&#8217;action concr\u00e8te? Suis-je pr\u00eat \u00e0 accepter mon experience pleinement?<\/div>\n<div><\/div>\n<div>Finalement, <strong>l&#8217;Agate Verte<\/strong> nous guide sur le chemin du Coeur, de l&#8217;Acceptation, de l&#8217;Harmonisation. Douceur, gu\u00e9rison, courage, renouveau, elle nous aide \u00e0 balancer impulsivit\u00e9 et reaction excessive.<\/div>\n<div><\/div>\n<div>En ce moment, ou dois-je concentrer mon attention pour stabiliser ma vie? Ai-je besoin de prendre une pause, afin de mieux canaliser mes energies? Comment puis-je exprimer ma v\u00e9rit\u00e9, au niveau du Coeur?<\/div>\n<div><\/div>\n<div>Cette semaine, un choix, un engagement envers soi-m\u00eame, la croyance d&#8217;\u00eatre la manifestation du miracle de la vie au quotidien.<\/div>\n<p>&nbsp;<\/p>\n","protected":false},"excerpt":{"rendered":"<p>Je suis l\u2019ange qui vous aide \u00e0 avoir confiance. Essayez. Laissez-vous aller dans mes bras. D\u00e9tendez-vous. Sentez le plaisir d\u2019avoir la protection du ciel. Agissez maintenant avec\u2026 Foi et Opiniatret\u00e9 Cette semaine, notre Qu\u00eate d&#8217;incarner notre V\u00e9rit\u00e9 ce poursuit. L&#8217;Arcane de la Justice (XI) \u00e9met un rayonnement. Elle met en [&hellip;]<\/p>\n","protected":false},"author":3,"featured_media":0,"comment_status":"closed","ping_status":"closed","sticky":false,"template":"","format":"standard","meta":{"_acf_changed":false,"wds_primary_category":0,"wds_primary_thematique":0},"categories":[1069,59],"tags":[],"thematique":[1078,1077],"class_list":["post-55966","post","type-post","status-publish","format-standard","hentry","category-forecast","category-uncategorized","thematique-merlin-chronicles","thematique-merlin-lair"],"acf":[],"_links":{"self":[{"href":"https:\/\/www.lessence-ciel.com\/en\/wp-json\/wp\/v2\/post\/55966","targetHints":{"allow":["GET"]}}],"collection":[{"href":"https:\/\/www.lessence-ciel.com\/en\/wp-json\/wp\/v2\/post"}],"about":[{"href":"https:\/\/www.lessence-ciel.com\/en\/wp-json\/wp\/v2\/types\/post"}],"author":[{"embeddable":true,"href":"https:\/\/www.lessence-ciel.com\/en\/wp-json\/wp\/v2\/users\/3"}],"replies":[{"embeddable":true,"href":"https:\/\/www.lessence-ciel.com\/en\/wp-json\/wp\/v2\/comments?post=55966"}],"version-history":[{"count":0,"href":"https:\/\/www.lessence-ciel.com\/en\/wp-json\/wp\/v2\/post\/55966\/revisions"}],"wp:attachment":[{"href":"https:\/\/www.lessence-ciel.com\/en\/wp-json\/wp\/v2\/media?parent=55966"}],"wp:term":[{"taxonomy":"category","embeddable":true,"href":"https:\/\/www.lessence-ciel.com\/en\/wp-json\/wp\/v2\/categories?post=55966"},{"taxonomy":"post_tag","embeddable":true,"href":"https:\/\/www.lessence-ciel.com\/en\/wp-json\/wp\/v2\/tags?post=55966"},{"taxonomy":"thematique","embeddable":true,"href":"https:\/\/www.lessence-ciel.com\/en\/wp-json\/wp\/v2\/thematique?post=55966"}],"curies":[{"name":"wp","href":"https:\/\/api.w.org\/{rel}","templated":true}]}}