{"id":56087,"date":"2018-01-02T10:52:29","date_gmt":"2018-01-02T15:52:29","guid":{"rendered":"https:\/\/www.lessence-ciel.com\/previsions-de-lessence-ciel-semaine-31-decembre-2017\/"},"modified":"2018-01-06T13:10:52","modified_gmt":"2018-01-06T18:10:52","slug":"previsions-de-lessence-ciel-semaine-31-decembre-2017","status":"publish","type":"post","link":"https:\/\/www.lessence-ciel.com\/en\/previsions-de-lessence-ciel-semaine-31-decembre-2017\/","title":{"rendered":"Pr\u00e9visions de l\u2019Essence-Ciel pour la semaine du 31 D\u00e9cembre 2017"},"content":{"rendered":"<p style=\"text-align: center;\">Cette semaine, adieu 2017, bienvenue 2018!<\/p>\n<p style=\"text-align: center;\"><a href=\"http:\/\/mailchi.mp\/lessence-ciel\/ton-intuition-te-guide-lessentiel-1408753\">Monte ta fr\u00e9quence, tout va bien se passer<\/a>!<\/p>\n<p><strong>L&#8217;Ermite (IX)<\/strong> nous am\u00e8ne vers l&#8217;introspection,dans l&#8217;exploration de notre soi v\u00e9ritable. Notre lumi\u00e8re transpara\u00eet \u00e0 la surface. En ce d\u00e9but d&#8217;ann\u00e9e, nous sommes appel\u00e9s \u00e0 r\u00e9organiser nos vies pour permettre d&#8217;\u00e9merger avec v\u00e9rit\u00e9 et int\u00e9grit\u00e9. Mettons en lumi\u00e8re ce que nous voulons terminer et dirigeons nos \u00e9nergies et notre attention sur la cr\u00e9ation de notre pr\u00e9sent. Quelles sont les distractions ou les excuses qui m&#8217;emp\u00eachent de r\u00e9fl\u00e9chir, d&#8217;\u00e9voluer et de grandir?<\/p>\n<p><strong>La Panth\u00e8re Noire<\/strong> nous soutient: pour \u00eatre fort il faut conna\u00eetre ses faiblesses. En regardant honn\u00eatement et sans crainte ce qu&#8217;il y a en nous, nous pouvons transformer les faiblesses en forces, \u00eatre honn\u00eate dans toutes nos activit\u00e9s et actes. En 2018, est-ce que je porte encore des masques ou suis-je authentique et vrai?<\/p>\n<p><strong>La Malachite<\/strong> nous ram\u00e8ne dans l&#8217;\u00c9nergie du Coeur: restons centr\u00e9! Pierre de transition et de changement, elle nous invite \u00e0 une plus grande expansion du c\u0153ur,\u00a0une plus grande connexion \u00e0 notre Soi Divin\/Soi Sup\u00e9rieur et \u00e0 choisir une plus grande ouverture de notre conscience&#8230; Suis-je pr\u00eat(e) \u00e0 me propulser dans ma croissance et mon \u00e9panouissement de mon plein potentiel?<\/p>\n<p>Lib\u00e9rons les vieilleries, honorons nos ressentis. Allons au Coeur de nos croyances, des nos \u00e9motions.<strong> L&#8217;Ange Sensibilit\u00e9 et Harmonie<\/strong> nous guide dans cet \u00e9veil. Nous permettrons nous cette ouverture vers l&#8217;intelligence \u00e9motionnelle? Saurons-nous porter un regard d&#8217;Amour sur tout ce qui nous entoure, y compris nous-m\u00eame?<\/p>\n<p style=\"text-align: center;\"><em>Je suis l\u2019ange qui descend pour vous conseiller. <\/em><\/p>\n<p style=\"text-align: center;\"><em>Calmez-vous et r\u00e9fl\u00e9chissez, ne perdez pas espoir. <\/em><\/p>\n<p style=\"text-align: center;\"><em>Une pause est n\u00e9cessaire. <\/em><\/p>\n<p style=\"text-align: center;\"><em>Je vous donne l\u2019\u00e9nergie qui \u00e9claire la situation. <\/em><\/p>\n<p style=\"text-align: center;\"><em>Il est d\u00e9sormais important de proc\u00e9der avec\u2026 <\/em><\/p>\n<p style=\"text-align: center;\"><em><strong>Sensibilit\u00e9 et Harmonie<\/strong><\/em><\/p>\n<p style=\"text-align: center;\">Pour ce d\u00e9but 2018, que les \u00e9nergies d&#8217;Amour, de Joie, d&#8217;Expansion, de Gu\u00e9rison nous accompagnent.<\/p>\n<p style=\"text-align: center;\">Que la vibration de\u00a0l\u2019Harmonie Universelle Sacr\u00e9e nous \u00e9l\u00e8ve,<\/p>\n<p style=\"text-align: center;\">Pour que nous puissions vivre l&#8217;enchantement et la magie du moment pr\u00e9sent!<\/p>\n<p style=\"text-align: center;\">Que les b\u00e9n\u00e9dictions soient sur vous et tous ceux que vous aimez!<\/p>\n<p style=\"text-align: center;\">Bonne Ann\u00e9e!<\/p>\n<p>&nbsp;<\/p>\n<p style=\"text-align: center;\">\n","protected":false},"excerpt":{"rendered":"<p>Cette semaine, adieu 2017, bienvenue 2018! Monte ta fr\u00e9quence, tout va bien se passer! L&#8217;Ermite (IX) nous am\u00e8ne vers l&#8217;introspection,dans l&#8217;exploration de notre soi v\u00e9ritable. Notre lumi\u00e8re transpara\u00eet \u00e0 la surface. En ce d\u00e9but d&#8217;ann\u00e9e, nous sommes appel\u00e9s \u00e0 r\u00e9organiser nos vies pour permettre d&#8217;\u00e9merger avec v\u00e9rit\u00e9 et int\u00e9grit\u00e9. Mettons [&hellip;]<\/p>\n","protected":false},"author":3,"featured_media":0,"comment_status":"closed","ping_status":"closed","sticky":false,"template":"","format":"standard","meta":{"_acf_changed":false,"wds_primary_category":0,"wds_primary_thematique":0},"categories":[1069],"tags":[],"thematique":[1078,1077],"class_list":["post-56087","post","type-post","status-publish","format-standard","hentry","category-forecast","thematique-merlin-chronicles","thematique-merlin-lair"],"acf":[],"_links":{"self":[{"href":"https:\/\/www.lessence-ciel.com\/en\/wp-json\/wp\/v2\/post\/56087","targetHints":{"allow":["GET"]}}],"collection":[{"href":"https:\/\/www.lessence-ciel.com\/en\/wp-json\/wp\/v2\/post"}],"about":[{"href":"https:\/\/www.lessence-ciel.com\/en\/wp-json\/wp\/v2\/types\/post"}],"author":[{"embeddable":true,"href":"https:\/\/www.lessence-ciel.com\/en\/wp-json\/wp\/v2\/users\/3"}],"replies":[{"embeddable":true,"href":"https:\/\/www.lessence-ciel.com\/en\/wp-json\/wp\/v2\/comments?post=56087"}],"version-history":[{"count":0,"href":"https:\/\/www.lessence-ciel.com\/en\/wp-json\/wp\/v2\/post\/56087\/revisions"}],"wp:attachment":[{"href":"https:\/\/www.lessence-ciel.com\/en\/wp-json\/wp\/v2\/media?parent=56087"}],"wp:term":[{"taxonomy":"category","embeddable":true,"href":"https:\/\/www.lessence-ciel.com\/en\/wp-json\/wp\/v2\/categories?post=56087"},{"taxonomy":"post_tag","embeddable":true,"href":"https:\/\/www.lessence-ciel.com\/en\/wp-json\/wp\/v2\/tags?post=56087"},{"taxonomy":"thematique","embeddable":true,"href":"https:\/\/www.lessence-ciel.com\/en\/wp-json\/wp\/v2\/thematique?post=56087"}],"curies":[{"name":"wp","href":"https:\/\/api.w.org\/{rel}","templated":true}]}}