{"id":56359,"date":"2018-02-08T15:14:53","date_gmt":"2018-02-08T20:14:53","guid":{"rendered":"https:\/\/www.lessence-ciel.com\/fevrier-2018-campagne-promotion-aile-toi-vie-reves\/"},"modified":"2018-03-03T10:09:51","modified_gmt":"2018-03-03T15:09:51","slug":"fevrier-2018-campagne-promotion-aile-toi-vie-reves","status":"publish","type":"post","link":"https:\/\/www.lessence-ciel.com\/en\/fevrier-2018-campagne-promotion-aile-toi-vie-reves\/","title":{"rendered":"F\u00e9vrier 2018 &#8211; Campagne promotion \u2019Aile \u2013 Toi, Ta Vie, Tes r\u00eaves !"},"content":{"rendered":"<p class=\"h6\" style=\"text-align: center;\"><strong>\u00c9dition 3 mars 2018<\/strong>: Ces activit\u00e9s sont de retour \u00e0 leurs prix normaux. Merci!<\/p>\n<hr \/>\n<p style=\"text-align: center;\"><strong>Choix d\u2019activit\u00e9s \u00e0 rabais pour inscription (avant le d\u00e9but des formations)<\/strong><\/p>\n<h3 style=\"text-align: center;\">Coaching de groupe avec enseignements<\/h3>\n<p>Inclus plusieurs rencontres de groupe (varie selon l\u2019activit\u00e9), acc\u00e8s \u00e0 l\u2019\u00e9cole en ligne (enregistrement des sessions et mat\u00e9riel p\u00e9dagogique), invitation \u00e0 la communaut\u00e9 de partage Facebook priv\u00e9 de nos participants.<\/p>\n<h6>21 jours pour ton pouvoir personnel. Prix <del>750$<\/del><\/h6>\n<p>Les lundis 19, 26 f\u00e9vrier et le lundi 12 mars 18hr30<\/p>\n<ul>\n<li><span style=\"color: #ff0000;\">Offert \u00e0 <strong>500$<\/strong> <\/span>paiement complet<\/li>\n<li><span style=\"color: #ff0000;\">Offert \u00e0 <strong>600$<\/strong><\/span> 2 versements de 300$ (14 f\u00e9v et 28 f\u00e9v.)<\/li>\n<\/ul>\n<h3 style=\"text-align: center;\">Formations<\/h3>\n<p>Inclus la rencontre formative, acc\u00e8s \u00e0 l\u2019\u00e9cole en ligne (enregistrement des sessions et mat\u00e9riel p\u00e9dagogique), invitation \u00e0 la communaut\u00e9 de partage Facebook priv\u00e9 de nos participants.<\/p>\n<p><strong>Lecture de l\u2019Aura <del>500$<\/del><\/strong><\/p>\n<p>Dimanche le 25 f\u00e9vrier 10hr<\/p>\n<ul>\n<li><span style=\"color: #ff0000;\">Offert \u00e0 <strong>350$<\/strong><\/span> paiement complet<\/li>\n<\/ul>\n<p>&nbsp;<\/p>\n<p><strong>Formation Tarot en une journ\u00e9e avec Karine Frenette Gaudreault <del>250$<\/del><\/strong><\/p>\n<p>Dimanche 18 f\u00e9vrier 10hr<\/p>\n<ul>\n<li><span style=\"color: #ff0000;\">Offert \u00e0 <strong>200$<\/strong><\/span> paiement complet<\/li>\n<\/ul>\n<h3 style=\"text-align: center;\">Ateliers<\/h3>\n<ul>\n<li><strong>&#8220;Mon Ange\u00a0: qui es-tu?&#8221;<\/strong><strong><em> et<\/em> &#8220;<\/strong><strong>Mon rayonnement\u00a0: Le secret des chakras&#8221;<\/strong><\/li>\n<\/ul>\n<p>Mardi le 21 f\u00e9vrier, 2018 18hr30 et Mardi le 27 f\u00e9vrier, 2018 18hr30<\/p>\n<ul>\n<li><span style=\"color: #ff0000;\"><strong><em>Offert \u00e0 100$ pour les deux<\/em><\/strong><\/span><strong>, <\/strong><strong>paiement complet<\/strong><\/li>\n<\/ul>\n<h3 style=\"text-align: center;\"><span style=\"color: #000000;\">Campagne promotion \u2019Aile \u2013 Toi, Ta Vie, Tes r\u00eaves &#8211; <span style=\"color: #ff0000;\">F\u00e9vrier 2018<\/span><\/span><\/h3>\n","protected":false},"excerpt":{"rendered":"<p>\u00c9dition 3 mars 2018: Ces activit\u00e9s sont de retour \u00e0 leurs prix normaux. Merci! Choix d\u2019activit\u00e9s \u00e0 rabais pour inscription (avant le d\u00e9but des formations) Coaching de groupe avec enseignements Inclus plusieurs rencontres de groupe (varie selon l\u2019activit\u00e9), acc\u00e8s \u00e0 l\u2019\u00e9cole en ligne (enregistrement des sessions et mat\u00e9riel p\u00e9dagogique), invitation [&hellip;]<\/p>\n","protected":false},"author":3,"featured_media":0,"comment_status":"closed","ping_status":"closed","sticky":false,"template":"","format":"standard","meta":{"_acf_changed":false,"wds_primary_category":0,"wds_primary_thematique":0},"categories":[59],"tags":[],"thematique":[],"class_list":["post-56359","post","type-post","status-publish","format-standard","hentry","category-uncategorized"],"acf":[],"_links":{"self":[{"href":"https:\/\/www.lessence-ciel.com\/en\/wp-json\/wp\/v2\/post\/56359","targetHints":{"allow":["GET"]}}],"collection":[{"href":"https:\/\/www.lessence-ciel.com\/en\/wp-json\/wp\/v2\/post"}],"about":[{"href":"https:\/\/www.lessence-ciel.com\/en\/wp-json\/wp\/v2\/types\/post"}],"author":[{"embeddable":true,"href":"https:\/\/www.lessence-ciel.com\/en\/wp-json\/wp\/v2\/users\/3"}],"replies":[{"embeddable":true,"href":"https:\/\/www.lessence-ciel.com\/en\/wp-json\/wp\/v2\/comments?post=56359"}],"version-history":[{"count":0,"href":"https:\/\/www.lessence-ciel.com\/en\/wp-json\/wp\/v2\/post\/56359\/revisions"}],"wp:attachment":[{"href":"https:\/\/www.lessence-ciel.com\/en\/wp-json\/wp\/v2\/media?parent=56359"}],"wp:term":[{"taxonomy":"category","embeddable":true,"href":"https:\/\/www.lessence-ciel.com\/en\/wp-json\/wp\/v2\/categories?post=56359"},{"taxonomy":"post_tag","embeddable":true,"href":"https:\/\/www.lessence-ciel.com\/en\/wp-json\/wp\/v2\/tags?post=56359"},{"taxonomy":"thematique","embeddable":true,"href":"https:\/\/www.lessence-ciel.com\/en\/wp-json\/wp\/v2\/thematique?post=56359"}],"curies":[{"name":"wp","href":"https:\/\/api.w.org\/{rel}","templated":true}]}}