{"id":56797,"date":"2018-04-01T12:21:12","date_gmt":"2018-04-01T16:21:12","guid":{"rendered":"https:\/\/www.lessence-ciel.com\/previsions-de-lessence-ciel-pour-la-semaine-du-01-avril-2018\/"},"modified":"2018-04-01T12:22:06","modified_gmt":"2018-04-01T16:22:06","slug":"previsions-de-lessence-ciel-pour-la-semaine-du-01-avril-2018","status":"publish","type":"post","link":"https:\/\/www.lessence-ciel.com\/en\/previsions-de-lessence-ciel-pour-la-semaine-du-01-avril-2018\/","title":{"rendered":"Pr\u00e9visions de l\u2019Essence-Ciel pour la semaine du 01 Avril 2018"},"content":{"rendered":"<p style=\"text-align: center\"><em>Je suis l\u2019ange qui vous met en liaison avec le ciel. Ayez confiance. Soyez tel un enfant. Les anges descendent maintenant pour vous donner de nouvelles \u00e9nergies.<\/em><\/p>\n<p style=\"text-align: center\"><em>Aujourd\u2019hui, vous recevrez celle dont vous avez le plus besoin. Elle vous fera le plus grand bien. Je vous donne\u2026 <strong>Tendresse et Protection Ang\u00e9lique!<\/strong><\/em><\/p>\n<p>Cette semaine, les Guides nous am\u00e8nent \u00e0 nous brancher avec l&#8217;esprit passionn\u00e9 au coeur de notre vie. Quelle est la transformation que nous voulons dans le monde? Quelles lib\u00e9rations doit-on faire pour \u00eatre dans notre v\u00e9rit\u00e9 et notre authenticit\u00e9 profonde?<\/p>\n<p>Printemps de l&#8217;\u00e9veil, ouverture envers notre propre lumi\u00e8re, notre pouvoir int\u00e9rieur, la femme dans <em><strong>l&#8217;\u00c9toile (XVII)<\/strong><\/em> se met \u00e0 nu, dans son authenticit\u00e9 et dans sa v\u00e9rit\u00e9. Elle nous aide \u00e0 trouver l&#8217;\u00e9quilibre entre intuition et la connaissance. Elle nous rappelle notre connexion avec notre \u00eatre divin, notre mission sup\u00e9rieure, notre nature profonde.<\/p>\n<p>Douceur tenace, tendresse, <em><strong>l&#8217;Ange Tendresse et Protection Ang\u00e9lique<\/strong> <\/em>nous soutient dans notre actualisation. Il nous am\u00e8ne l&#8217;\u00e9nergie de l&#8217;enfant int\u00e9rieur divin, soutenu par l&#8217;univers entier, celui qui peut tout cr\u00e9er, tout r\u00e9aliser. Nous sommes la gratitude envers la richesse situ\u00e9 au centre de l&#8217;\u00e2me, l&#8217;ouverture de la conscience et de cette connexion spirituelle. Il est temps de partager avec le reste du monde.<\/p>\n<p><strong><em>Le Papillon<\/em><\/strong> est le mouvement int\u00e9rieur\u00a0qui permet de calmer l\u2019esprit et de faire le point sur les pens\u00e9es qui y habite.\u00a0Il incarne la d\u00e9termination de r\u00e9tablir la clart\u00e9 et l\u2019ordre dans les pens\u00e9es et l\u2019esprit. Il nous invite \u00e0 sortir de notre chrysalide et \u00e0 d\u00e9ployer nos ailes. Nous sommes des \u00eatres \u00e9clair\u00e9 par la gr\u00e2ce, la lumi\u00e8re, l&#8217;amour ayons le courage d\u2019\u00e9loigner les pens\u00e9es n\u00e9gatives qui sont contraignantes.<\/p>\n<p><strong>Le Quartz Fum\u00e9<\/strong> vient nous aider avec les \u00e9motions qui peuvent surgir en temps de stress ou de transmutation. Sa douce vibration nous garde enracin\u00e9, pr\u00e8s \u00e0 lib\u00e9rer les \u00e9motions et les \u00e9nergies lourde, et \u00e0 harmoniser nos \u00e9nergies pour faciliter notre capacit\u00e9 de manifester dans le ici et maintenant.<\/p>\n","protected":false},"excerpt":{"rendered":"<p>Je suis l\u2019ange qui vous met en liaison avec le ciel. Ayez confiance. Soyez tel un enfant. Les anges descendent maintenant pour vous donner de nouvelles \u00e9nergies. Aujourd\u2019hui, vous recevrez celle dont vous avez le plus besoin. Elle vous fera le plus grand bien. Je vous donne\u2026 Tendresse et Protection [&hellip;]<\/p>\n","protected":false},"author":3,"featured_media":0,"comment_status":"closed","ping_status":"closed","sticky":false,"template":"","format":"standard","meta":{"_acf_changed":false,"wds_primary_category":0,"wds_primary_thematique":0},"categories":[1069],"tags":[],"thematique":[1078,1077],"class_list":["post-56797","post","type-post","status-publish","format-standard","hentry","category-forecast","thematique-merlin-chronicles","thematique-merlin-lair"],"acf":[],"_links":{"self":[{"href":"https:\/\/www.lessence-ciel.com\/en\/wp-json\/wp\/v2\/post\/56797","targetHints":{"allow":["GET"]}}],"collection":[{"href":"https:\/\/www.lessence-ciel.com\/en\/wp-json\/wp\/v2\/post"}],"about":[{"href":"https:\/\/www.lessence-ciel.com\/en\/wp-json\/wp\/v2\/types\/post"}],"author":[{"embeddable":true,"href":"https:\/\/www.lessence-ciel.com\/en\/wp-json\/wp\/v2\/users\/3"}],"replies":[{"embeddable":true,"href":"https:\/\/www.lessence-ciel.com\/en\/wp-json\/wp\/v2\/comments?post=56797"}],"version-history":[{"count":0,"href":"https:\/\/www.lessence-ciel.com\/en\/wp-json\/wp\/v2\/post\/56797\/revisions"}],"wp:attachment":[{"href":"https:\/\/www.lessence-ciel.com\/en\/wp-json\/wp\/v2\/media?parent=56797"}],"wp:term":[{"taxonomy":"category","embeddable":true,"href":"https:\/\/www.lessence-ciel.com\/en\/wp-json\/wp\/v2\/categories?post=56797"},{"taxonomy":"post_tag","embeddable":true,"href":"https:\/\/www.lessence-ciel.com\/en\/wp-json\/wp\/v2\/tags?post=56797"},{"taxonomy":"thematique","embeddable":true,"href":"https:\/\/www.lessence-ciel.com\/en\/wp-json\/wp\/v2\/thematique?post=56797"}],"curies":[{"name":"wp","href":"https:\/\/api.w.org\/{rel}","templated":true}]}}