{"id":57002,"date":"2018-04-22T17:55:59","date_gmt":"2018-04-22T21:55:59","guid":{"rendered":"https:\/\/www.lessence-ciel.com\/previsions-de-lessence-ciel-pour-la-semaine-du-22-avril-2018\/"},"modified":"2018-04-22T17:56:09","modified_gmt":"2018-04-22T21:56:09","slug":"previsions-de-lessence-ciel-pour-la-semaine-du-22-avril-2018","status":"publish","type":"post","link":"https:\/\/www.lessence-ciel.com\/en\/previsions-de-lessence-ciel-pour-la-semaine-du-22-avril-2018\/","title":{"rendered":"Pr\u00e9visions de l\u2019Essence-Ciel pour la semaine du 22 Avril 2018"},"content":{"rendered":"<p style=\"text-align: center\"><em>Je suis l\u2019ange qui descend pour vous livrer un pouvoir extraordinaire :<\/em><br \/>\n<em>Un feu qui illumine d\u00e9j\u00e0 votre regard.<\/em><br \/>\n<em>Sentez combien vous \u00eates fort. Je vous donne\u2026<strong> Volont\u00e9 et Fermet\u00e9!<\/strong><\/em><\/p>\n<p>Cette semaine, <strong>l&#8217;Ermite<\/strong> nous permet de r\u00e9organiser notre vie si nous prenons le temps de faire le point&#8230; avec nous-m\u00eames. Il est important d&#8217;\u00e9couter le mouvement \u00e0 l&#8217;int\u00e9rieur de nous, celui qui permet de calmer notre esprit, de faire le point sur nos pens\u00e9es. Face \u00e0 quel dilemne suis-je confront\u00e9? Suis-je \u00e0 contre-courant avec mes r\u00eaves et mes croyances? Suis-je capable de faire confiance en la vie et d&#8217;\u00e9loigner les contraintes?<\/p>\n<p><strong>L&#8217;Ange Volont\u00e9 et Fermet\u00e9<\/strong> vient nous soutenir dans ce d\u00e9fi. Il nous aide \u00e0 garder le coeur ouvert, le regard clair. Il nous apporte un souffle de d\u00e9termination afin de r\u00e9tablir l&#8217;ordre et la clart\u00e9 dans nos pens\u00e9es et dans notre esprit.\u00a0 Une fois la clart\u00e9 \u00e9tablie, l&#8217;Ange nous aide \u00e0 aller de l&#8217;avant, un pas \u00e0 la fois, pour manifester nos id\u00e9es cr\u00e9atrices.<\/p>\n<p>La m\u00e9decine du Castor nous aide dans l&#8217;\u00e9chaffaudage, dans l&#8217;\u00e9laboration, dans la construction. <strong>Le Castor<\/strong> nous rappelle le pouvoir de la famille et de l&#8217;esprit d&#8217;\u00e9quipe. Nous avons tous des forces et des faiblesses: il suffit d&#8217;examiner comment nous pouvons investir le meilleur de nous-m\u00eame pour r\u00e9aliser notre r\u00eave, pour le bien et le meilleur de tous.<\/p>\n<p><strong>L&#8217;Amazonite<\/strong> vient comme un talisman pour nous permettre d&#8217;exprimer librement notre v\u00e9rit\u00e9 tout en acceptant le point de vue de l&#8217;autre. Harmonie,\u00a0<span style=\"font-family: 'Trebuchet MS', Arial, sans-serif;font-size: 1.6rem;font-weight: 500\">nouvelles perspectives et de nouvelles possibilit\u00e9s d\u2019apprendre et de progresser vers la sagesse, en nageant avec le courant.\u00a0<\/span><span style=\"font-family: 'Trebuchet MS', Arial, sans-serif;font-size: 1.6rem;font-weight: 500\">Quelques petits changements simples peuvent avoir des effets positifs importants. Lesquel suis-je pr\u00eat \u00e0 faire maintenant? Dans 1 semaine? D&#8217;ici 3 mois?<\/span><\/p>\n<p>En terminant, petite affirmation qui va bien avec cette vision &#8216;Mon \u00e9tat s\u2019am\u00e9liore de jour en jour et \u00e0 tout point de vue.&#8217;<\/p>\n<p>&nbsp;<\/p>\n","protected":false},"excerpt":{"rendered":"<p>Je suis l\u2019ange qui descend pour vous livrer un pouvoir extraordinaire : Un feu qui illumine d\u00e9j\u00e0 votre regard. Sentez combien vous \u00eates fort. Je vous donne\u2026 Volont\u00e9 et Fermet\u00e9! Cette semaine, l&#8217;Ermite nous permet de r\u00e9organiser notre vie si nous prenons le temps de faire le point&#8230; avec nous-m\u00eames. [&hellip;]<\/p>\n","protected":false},"author":3,"featured_media":0,"comment_status":"closed","ping_status":"closed","sticky":false,"template":"","format":"standard","meta":{"_acf_changed":false,"wds_primary_category":0,"wds_primary_thematique":0},"categories":[1069],"tags":[],"thematique":[1078,1077],"class_list":["post-57002","post","type-post","status-publish","format-standard","hentry","category-forecast","thematique-merlin-chronicles","thematique-merlin-lair"],"acf":[],"_links":{"self":[{"href":"https:\/\/www.lessence-ciel.com\/en\/wp-json\/wp\/v2\/post\/57002","targetHints":{"allow":["GET"]}}],"collection":[{"href":"https:\/\/www.lessence-ciel.com\/en\/wp-json\/wp\/v2\/post"}],"about":[{"href":"https:\/\/www.lessence-ciel.com\/en\/wp-json\/wp\/v2\/types\/post"}],"author":[{"embeddable":true,"href":"https:\/\/www.lessence-ciel.com\/en\/wp-json\/wp\/v2\/users\/3"}],"replies":[{"embeddable":true,"href":"https:\/\/www.lessence-ciel.com\/en\/wp-json\/wp\/v2\/comments?post=57002"}],"version-history":[{"count":0,"href":"https:\/\/www.lessence-ciel.com\/en\/wp-json\/wp\/v2\/post\/57002\/revisions"}],"wp:attachment":[{"href":"https:\/\/www.lessence-ciel.com\/en\/wp-json\/wp\/v2\/media?parent=57002"}],"wp:term":[{"taxonomy":"category","embeddable":true,"href":"https:\/\/www.lessence-ciel.com\/en\/wp-json\/wp\/v2\/categories?post=57002"},{"taxonomy":"post_tag","embeddable":true,"href":"https:\/\/www.lessence-ciel.com\/en\/wp-json\/wp\/v2\/tags?post=57002"},{"taxonomy":"thematique","embeddable":true,"href":"https:\/\/www.lessence-ciel.com\/en\/wp-json\/wp\/v2\/thematique?post=57002"}],"curies":[{"name":"wp","href":"https:\/\/api.w.org\/{rel}","templated":true}]}}