{"id":57189,"date":"2018-05-06T12:21:47","date_gmt":"2018-05-06T16:21:47","guid":{"rendered":"https:\/\/www.lessence-ciel.com\/previsions-de-lessence-ciel-pour-la-semaine-du-06-mai-2018\/"},"modified":"2018-05-06T12:22:08","modified_gmt":"2018-05-06T16:22:08","slug":"previsions-de-lessence-ciel-pour-la-semaine-du-06-mai-2018","status":"publish","type":"post","link":"https:\/\/www.lessence-ciel.com\/en\/previsions-de-lessence-ciel-pour-la-semaine-du-06-mai-2018\/","title":{"rendered":"Pr\u00e9visions de l\u2019Essence-Ciel pour la semaine du 06 Mai 2018"},"content":{"rendered":"<p style=\"text-align: center\"><em>Je suis l\u2019ange qui vous met en liaison avec le ciel. Ayez confiance. Soyez tel un enfant. Les anges descendent maintenant pour vous donner de nouvelles \u00e9nergies. Aujourd\u2019hui, vous recevrez celle dont vous avez le plus besoin. Elle vous fera le plus grand bien. Je vous donne\u2026<strong> Chance et Pl\u00e9nitude Int\u00e9rieure!<\/strong><\/em><\/p>\n<p>Cette semaine, la vibration du coeur nous aide \u00e0 laisser aller en douceur, pour faire place \u00e0 l&#8217;acceptation de notre pleine incarnation ici et maintenant. Les Guides nous questionnent: sommes nous pleinement dans notre pouvoir int\u00e9rieur, \u00eatre divin, combl\u00e9, en connexion avec la Terre M\u00e8re et tout ce qui Est? Ou sommes-nous bercer par nos croyances et nos illusions de s\u00e9paration, de vide \u00e0 combler, de vie st\u00e9rile?<\/p>\n<p><em><strong>L&#8217;Imp\u00e9ratrice<\/strong><\/em> nous invite \u00e0 manifester dans le concr\u00e8t: jonction entre l&#8217;esprit et la mati\u00e8re, elle nous rappelle que nous sommes au service, nous portons en nous la puissance de la cr\u00e9ation, la fertilit\u00e9 et la passion pour vivre nos exp\u00e9riences de fa\u00e7ons saine. Les exp\u00e9riences ne nous d\u00e9finissent pas: notre croissance passe par la gu\u00e9rison et la puissance de nos \u00e9motions et ressentis. Suis-je \u00e0 l&#8217;\u00e9coute?<\/p>\n<p><em><strong>L&#8217;Ange Chance et Pl\u00e9nitude Int\u00e9rieure<\/strong><\/em> nous enseigne\u00a0d\u2019appr\u00e9cier la Vie pour ce qu\u2019elle est, de prendre notre chance, notre chance d\u2019\u00eatre, d\u2019exister, de respirer, d\u2019aimer! La vibration du c\u0153ur est sans limite!\u00a0 &#8220;Je transcende la cr\u00e9ation, je r\u00e9sonne, je m\u2019accorde, je m\u2019harmonise et j\u2019int\u00e8gre les \u00e9nergies positives.&#8221;<\/p>\n<p><em><strong>La M\u00e9decine du Blaireau<\/strong><\/em> souligne la fin de certains cycles, d\u00e9fis, difficult\u00e9. Exprimons de la Gratitude, c\u00e9l\u00e9brons. Profitions de cette transition pour pr\u00e9ciser ce que nous sommes pr\u00eat \u00e0 entreprendre: suivons notre chemin unique, manifestons avec passion ce que nous voulons, avec d\u00e9termination et pers\u00e9v\u00e9rance. Manifestons nos petits et grands miracles au quotidien! &#8220;Je prends le temps de me connecter \u00e0 moi-m\u00eame, \u00e0 la Terre, \u00e0 tout ce qui Est, afin de manifester ma V\u00e9rit\u00e9 et mon Je Suis, avec force et pers\u00e9v\u00e9rance&#8221;.<\/p>\n<p><em><strong>L&#8217;Aventurine Verte<\/strong><\/em> nous ram\u00e8ne au chakra du coeur. Sa vibration nous am\u00e8ne vers la croissance, vers la connaissance de Soi. Optimisme, app\u00e9tit de vivre, attitude positive, assurance, la Pierre des Opportunit\u00e9s nous sonnent les cloches: prenons le temps d&#8217;\u00e9valuer nos d\u00e9pendances, notre sant\u00e9, notre bien-\u00eatre, notre harmonisation. Compassion pour soi, ouverture \u00e0 l&#8217;Amour Inconditionnel. Que puis-je faire pour me centrer quotidiennement et trouver mon \u00e9quilibre?<\/p>\n<p>&nbsp;<\/p>\n<p>&nbsp;<\/p>\n","protected":false},"excerpt":{"rendered":"<p>Je suis l\u2019ange qui vous met en liaison avec le ciel. Ayez confiance. Soyez tel un enfant. Les anges descendent maintenant pour vous donner de nouvelles \u00e9nergies. Aujourd\u2019hui, vous recevrez celle dont vous avez le plus besoin. Elle vous fera le plus grand bien. Je vous donne\u2026 Chance et Pl\u00e9nitude [&hellip;]<\/p>\n","protected":false},"author":3,"featured_media":0,"comment_status":"closed","ping_status":"closed","sticky":false,"template":"","format":"standard","meta":{"_acf_changed":false,"wds_primary_category":0,"wds_primary_thematique":0},"categories":[1069],"tags":[],"thematique":[1078,1077],"class_list":["post-57189","post","type-post","status-publish","format-standard","hentry","category-forecast","thematique-merlin-chronicles","thematique-merlin-lair"],"acf":[],"_links":{"self":[{"href":"https:\/\/www.lessence-ciel.com\/en\/wp-json\/wp\/v2\/post\/57189","targetHints":{"allow":["GET"]}}],"collection":[{"href":"https:\/\/www.lessence-ciel.com\/en\/wp-json\/wp\/v2\/post"}],"about":[{"href":"https:\/\/www.lessence-ciel.com\/en\/wp-json\/wp\/v2\/types\/post"}],"author":[{"embeddable":true,"href":"https:\/\/www.lessence-ciel.com\/en\/wp-json\/wp\/v2\/users\/3"}],"replies":[{"embeddable":true,"href":"https:\/\/www.lessence-ciel.com\/en\/wp-json\/wp\/v2\/comments?post=57189"}],"version-history":[{"count":0,"href":"https:\/\/www.lessence-ciel.com\/en\/wp-json\/wp\/v2\/post\/57189\/revisions"}],"wp:attachment":[{"href":"https:\/\/www.lessence-ciel.com\/en\/wp-json\/wp\/v2\/media?parent=57189"}],"wp:term":[{"taxonomy":"category","embeddable":true,"href":"https:\/\/www.lessence-ciel.com\/en\/wp-json\/wp\/v2\/categories?post=57189"},{"taxonomy":"post_tag","embeddable":true,"href":"https:\/\/www.lessence-ciel.com\/en\/wp-json\/wp\/v2\/tags?post=57189"},{"taxonomy":"thematique","embeddable":true,"href":"https:\/\/www.lessence-ciel.com\/en\/wp-json\/wp\/v2\/thematique?post=57189"}],"curies":[{"name":"wp","href":"https:\/\/api.w.org\/{rel}","templated":true}]}}