{"id":57386,"date":"2018-05-27T12:21:05","date_gmt":"2018-05-27T16:21:05","guid":{"rendered":"https:\/\/www.lessence-ciel.com\/previsions-de-lessence-ciel-pour-la-semaine-du-27-mai-2018\/"},"modified":"2018-05-27T12:22:04","modified_gmt":"2018-05-27T16:22:04","slug":"previsions-de-lessence-ciel-pour-la-semaine-du-27-mai-2018","status":"publish","type":"post","link":"https:\/\/www.lessence-ciel.com\/en\/previsions-de-lessence-ciel-pour-la-semaine-du-27-mai-2018\/","title":{"rendered":"Pr\u00e9visions de l\u2019Essence-Ciel pour la semaine du 27 Mai 2018"},"content":{"rendered":"<p style=\"text-align: center\"><em>Je suis l\u2019ange qui vient vous lib\u00e9rer de vos vieilles pens\u00e9es.<\/em><br \/>\n<em>Vivez de fa\u00e7on plus libre, exempt de pr\u00e9occupations.<\/em><br \/>\n<em>Je vous donne ce que demande votre c\u0153ur.<\/em><br \/>\n<em>D\u00e9sormais dites oui! Vivez avec\u2026 <strong>V\u00e9rit\u00e9 et Justice<\/strong>!<\/em><\/p>\n<p>&nbsp;<\/p>\n<p>Cette semaine,<strong> l&#8217;\u00c9toile XVII<\/strong> nous invite \u00e0 actualiser notre vision, afin de s&#8217;assurer de s&#8217;engager dans notre voie afin de faire entendre notre voix et notre Essence. Il est temps de trouver son calme int\u00e9rieur, de communiquer clairement avec l&#8217;Univers et tout ce qui est, d&#8217;exprimer et d&#8217;exp\u00e9rimenter, de mourir et puis rena\u00eetre.<\/p>\n<p><strong>L&#8217;Ange V\u00e9rit\u00e9 et Justice<\/strong> nous aide \u00e0 r\u00e9fl\u00e9chir: nos intentions engendrent nos exp\u00e9riences. Qu&#8217;avons nous l&#8217;intention qu&#8217;il se produise dans notre vie? Est-ce que nos pens\u00e9es et nos sentiment refl\u00e8tent nos v\u00e9ritables intentions? Connaissons-nous qui nous sommes, nos valeurs, nos croyances, nos sch\u00e9mas? Sommes-nous au fait de nos progressions, de nos perceptions, de nos (r\u00e9)actions?<\/p>\n<p><strong>Le Lynx<\/strong>, celui qui conna\u00eet les Secrets, nous apporte sa sagesse, sa clairvoyance, son silence. Ce silence de se trouver face \u00e0 soi, en soi, pour connecter \u00e0 Soi. Un regard franc, v\u00e9ritable, plein, serein, p\u00e9tillant, \u00e9merveill\u00e9, comme celui de l&#8217;enfant qui d\u00e9couvre tout, qui se d\u00e9couvre, qui d\u00e9couvre les mondes.<\/p>\n<p><strong>La Sodalite<\/strong> nous am\u00e8ne l&#8217;\u00e9veil et la claire vision: exploration du coeur de notre \u00eatre, des aspects plus t\u00e9n\u00e9breux, pour \u00e9merger, de mani\u00e8re authentique et vraie, confiant, rayonnant. Elle nous soutient dans le d\u00e9tachement de nos vieux sch\u00e9mas mentaux, vers l&#8217;harmonie, la stabilit\u00e9, la ma\u00eetrise de soi.<\/p>\n<p>Prenons consciences de nos cycles, de nos \u00e9tapes d&#8217;\u00e9volution, de nos int\u00e9grations et du cheminement qui s&#8217;offre \u00e0 nous. Patience et pers\u00e9v\u00e9rance, confiance et constance: \u00e9tablissons un rythme de vie ad\u00e9quat pour \u00eatre dans notre \u00e9quilibre.<\/p>\n<p><em>&#8216;J&#8217;explore ma nature humaine et mes aptitudes.\u00a0J&#8217;ouvre mon coeur et je deviens conscient Je d\u00e9termine mes valeurs et je choisis mes croyances. Je me connecte en toute simplicit\u00e9 avec ma nature divine lorsque je prends le temps d&#8217;\u00eatre \u00e0 l&#8217;\u00e9coute de ce qui se passe en moi, dans mon calme int\u00e9rieur. J&#8217;ai confiance en moi, en mes intuitions, en l&#8217;Univers&#8230; Je vis ma vie avec facilit\u00e9, un jour \u00e0 la fois. Je laisse aller et je m&#8217;ouvre aux infinies possibilit\u00e9s. Je me connais, je m&#8217;accepte dans mon enti\u00e8ret\u00e9 et je parviens \u00e0 exprimer sainement ma v\u00e9rit\u00e9 au Monde.&#8217;<\/em><\/p>\n<p>&nbsp;<\/p>\n","protected":false},"excerpt":{"rendered":"<p>Je suis l\u2019ange qui vient vous lib\u00e9rer de vos vieilles pens\u00e9es. Vivez de fa\u00e7on plus libre, exempt de pr\u00e9occupations. Je vous donne ce que demande votre c\u0153ur. D\u00e9sormais dites oui! Vivez avec\u2026 V\u00e9rit\u00e9 et Justice! &nbsp; Cette semaine, l&#8217;\u00c9toile XVII nous invite \u00e0 actualiser notre vision, afin de s&#8217;assurer de [&hellip;]<\/p>\n","protected":false},"author":3,"featured_media":0,"comment_status":"closed","ping_status":"closed","sticky":false,"template":"","format":"standard","meta":{"_acf_changed":false,"wds_primary_category":0,"wds_primary_thematique":0},"categories":[1069],"tags":[],"thematique":[1078,1077],"class_list":["post-57386","post","type-post","status-publish","format-standard","hentry","category-forecast","thematique-merlin-chronicles","thematique-merlin-lair"],"acf":[],"_links":{"self":[{"href":"https:\/\/www.lessence-ciel.com\/en\/wp-json\/wp\/v2\/post\/57386","targetHints":{"allow":["GET"]}}],"collection":[{"href":"https:\/\/www.lessence-ciel.com\/en\/wp-json\/wp\/v2\/post"}],"about":[{"href":"https:\/\/www.lessence-ciel.com\/en\/wp-json\/wp\/v2\/types\/post"}],"author":[{"embeddable":true,"href":"https:\/\/www.lessence-ciel.com\/en\/wp-json\/wp\/v2\/users\/3"}],"replies":[{"embeddable":true,"href":"https:\/\/www.lessence-ciel.com\/en\/wp-json\/wp\/v2\/comments?post=57386"}],"version-history":[{"count":0,"href":"https:\/\/www.lessence-ciel.com\/en\/wp-json\/wp\/v2\/post\/57386\/revisions"}],"wp:attachment":[{"href":"https:\/\/www.lessence-ciel.com\/en\/wp-json\/wp\/v2\/media?parent=57386"}],"wp:term":[{"taxonomy":"category","embeddable":true,"href":"https:\/\/www.lessence-ciel.com\/en\/wp-json\/wp\/v2\/categories?post=57386"},{"taxonomy":"post_tag","embeddable":true,"href":"https:\/\/www.lessence-ciel.com\/en\/wp-json\/wp\/v2\/tags?post=57386"},{"taxonomy":"thematique","embeddable":true,"href":"https:\/\/www.lessence-ciel.com\/en\/wp-json\/wp\/v2\/thematique?post=57386"}],"curies":[{"name":"wp","href":"https:\/\/api.w.org\/{rel}","templated":true}]}}